{"id":3330,"date":"2025-07-24T11:39:45","date_gmt":"2025-07-24T16:39:45","guid":{"rendered":"https:\/\/www.santisoluciones.com\/blog\/?p=3330"},"modified":"2026-04-15T09:57:27","modified_gmt":"2026-04-15T14:57:27","slug":"que-son-los-mercados-verticales-y-su-relevancia-con-la-impresion-administrada","status":"publish","type":"post","link":"https:\/\/www.santisoluciones.com\/blog\/que-son-los-mercados-verticales-y-su-relevancia-con-la-impresion-administrada\/","title":{"rendered":"\u00bfQu\u00e9 son los mercados verticales en la impresi\u00f3n administrada?"},"content":{"rendered":"\n<p><strong>\u00bfSabes qu\u00e9 son los mercados verticales? <\/strong>Cuando hablamos de <a href=\"http:\/\/soluciones de impresi\u00f3n para empresas\" target=\"_blank\" rel=\"noreferrer noopener\">soluciones de impresi\u00f3n<\/a> administrada, uno de los conceptos m\u00e1s importantes para entender c\u00f3mo se especializan y expanden las empresas del sector, es el de <em><strong>mercados verticales.<\/strong><\/em><\/p>\n\n\n\n<!--more-->\n\n\n\n<p>\u00bfPero qu\u00e9 son los mercados verticales? El termino se refiere a un segmento espec\u00edfico de una industria o sector econ\u00f3mico, con necesidades y retos particulares. <\/p>\n\n\n\n<p>A diferencia de los mercados horizontales (que ofrecen productos y servicios aplicables a cualquier tipo de empresa), los mercados verticales permiten enfocar una soluci\u00f3n concreta en una <strong>industria espec\u00edfica<\/strong>, generando un mayor valor.<\/p>\n\n\n\n<p><\/p>\n\n\n\n<figure class=\"wp-block-image aligncenter size-full\"><img loading=\"lazy\" decoding=\"async\" width=\"1200\" height=\"675\" src=\"https:\/\/www.santisoluciones.com\/blog\/wp-content\/uploads\/2025\/07\/\u00bfQue-son-los-mercados-verticales.jpg\" alt=\"\u00bfQu\u00e9 son los Mercados verticales?\" class=\"wp-image-3332\" srcset=\"https:\/\/www.santisoluciones.com\/blog\/wp-content\/uploads\/2025\/07\/\u00bfQue-son-los-mercados-verticales.jpg 1200w, https:\/\/www.santisoluciones.com\/blog\/wp-content\/uploads\/2025\/07\/\u00bfQue-son-los-mercados-verticales-300x169.jpg 300w, https:\/\/www.santisoluciones.com\/blog\/wp-content\/uploads\/2025\/07\/\u00bfQue-son-los-mercados-verticales-768x432.jpg 768w\" sizes=\"(max-width: 1200px) 100vw, 1200px\" \/><figcaption class=\"wp-element-caption\">\u00bfQu\u00e9 son los Mercados verticales?<\/figcaption><\/figure>\n\n\n\n<p>Algunos ejemplos comunes de mercados verticales incluyen:<\/p>\n\n\n\n<ul>\n<li>Sector Salud<\/li>\n\n\n\n<li>Educaci\u00f3n<\/li>\n\n\n\n<li>Gobierno<\/li>\n\n\n\n<li>Legal<\/li>\n\n\n\n<li>Financiero<\/li>\n\n\n\n<li>Log\u00edstica<\/li>\n\n\n\n<li>Manufactura<\/li>\n<\/ul>\n\n\n\n<p>Cada uno de estos sectores utiliza servicios de impresi\u00f3n de forma distinta y tiene necesidades particulares que pueden ser optimizadas a trav\u00e9s de soluciones especializadas. En otras palabras, no es lo mismo la<a href=\"https:\/\/www.digirey.com\/renta-impresoras-hospitales\"> renta de impresoras para hospitales<\/a>, que la renta de impresoras para restaurantes.<\/p>\n\n\n\n<p>Y ese es el reto en los servicios de impresi\u00f3n administrativa, ser capaz de adaptarse a los mercados verticales.<\/p>\n\n\n\n<h2 class=\"wp-block-heading\">\u00bfC\u00f3mo se adapta la impresi\u00f3n administrada a los mercados verticales?<\/h2>\n\n\n\n<p>La impresi\u00f3n administrada no es un servicio gen\u00e9rico. De hecho, para competir en este mercado, y <a href=\"https:\/\/www.santisoluciones.com\/blog\/como-agregar-valor-a-tu-servicios\/\" target=\"_blank\" rel=\"noreferrer noopener\">agregar valor a tus servicios<\/a>, es clave adaptar la soluci\u00f3n a cada vertical. <\/p>\n\n\n\n<p>Esto implica analizar c\u00f3mo imprime, qu\u00e9 documentos maneja, qu\u00e9 seguridad requiere y qu\u00e9 nivel de automatizaci\u00f3n necesita cada cliente.<\/p>\n\n\n\n<figure class=\"wp-block-image aligncenter size-large\"><img loading=\"lazy\" decoding=\"async\" width=\"1151\" height=\"768\" src=\"https:\/\/www.santisoluciones.com\/blog\/wp-content\/uploads\/2023\/12\/Impresion-empresarial-1151x768.jpg\" alt=\"Impresi\u00f3n empresarial\" class=\"wp-image-2586\" srcset=\"https:\/\/www.santisoluciones.com\/blog\/wp-content\/uploads\/2023\/12\/Impresion-empresarial-1151x768.jpg 1151w, https:\/\/www.santisoluciones.com\/blog\/wp-content\/uploads\/2023\/12\/Impresion-empresarial-300x200.jpg 300w, https:\/\/www.santisoluciones.com\/blog\/wp-content\/uploads\/2023\/12\/Impresion-empresarial-768x513.jpg 768w, https:\/\/www.santisoluciones.com\/blog\/wp-content\/uploads\/2023\/12\/Impresion-empresarial.jpg 1200w\" sizes=\"(max-width: 1151px) 100vw, 1151px\" \/><figcaption class=\"wp-element-caption\">Impresi\u00f3n empresarial<\/figcaption><\/figure>\n\n\n\n<p>A partir de este an\u00e1lisis surgen estrategias personalizadas que logran mejorar la eficiencia operativa y la <a href=\"https:\/\/www.santisoluciones.com\/blog\/5-hacks-para-mejorar-la-rentabilidad-de-tu-negocio\/\" target=\"_blank\" rel=\"noreferrer noopener\">rentabilidad<\/a>, reducir costos y aumentar la seguridad documental en sectores tan exigentes como el bancario o el de salud.<\/p>\n\n\n\n<p>Este modelo ha permitido que los <a href=\"https:\/\/www.santisoluciones.com\/blog\/aspectos-importantes-en-los-servicios-administrados-de-impresion\/\" target=\"_blank\" rel=\"noreferrer noopener\">Servicios Administrados de Impresi\u00f3n (SAI)<\/a> crezcan de forma sostenida en sectores verticales, ayudando a las empresas a:<\/p>\n\n\n\n<ul>\n<li>Controlar su volumen de impresi\u00f3n<\/li>\n\n\n\n<li>Cumplir normativas espec\u00edficas de cada industria<\/li>\n\n\n\n<li>Garantizar la confidencialidad de los documentos<\/li>\n\n\n\n<li>Automatizar tareas de oficina<\/li>\n\n\n\n<li>Optimizar recursos<\/li>\n<\/ul>\n\n\n\n<h2 class=\"wp-block-heading\">Print Audit Latin America y su enfoque vertical con Printanista<\/h2>\n\n\n\n<p>En <a href=\"https:\/\/printaudit.la\/\" target=\"_blank\" rel=\"noreferrer noopener\">Print Audit Latin America <\/a>entendemos que no todas las empresas imprimen igual. Por eso, trabajamos de la mano de socios y distribuidores que buscan soluciones enfocadas, rentables y escalables en mercados verticales espec\u00edficos.<\/p>\n\n\n\n<p>Con Printanista, nuestra soluci\u00f3n insignia dise\u00f1ada para la gesti\u00f3n de flotas y servicios de impresi\u00f3n administrada, puedes ofrecer un servicio diferenciado y completo para cada industria.<\/p>\n\n\n\n<figure class=\"wp-block-embed is-type-video is-provider-youtube wp-block-embed-youtube wp-embed-aspect-16-9 wp-has-aspect-ratio\"><div class=\"wp-block-embed__wrapper\">\n<iframe loading=\"lazy\" title=\"La soluci\u00f3n definitiva para impresi\u00f3n administrada: Printanista\" width=\"500\" height=\"281\" src=\"https:\/\/www.youtube.com\/embed\/MeFTYC0YQPE?feature=oembed\" frameborder=\"0\" allow=\"accelerometer; autoplay; clipboard-write; encrypted-media; gyroscope; picture-in-picture; web-share\" referrerpolicy=\"strict-origin-when-cross-origin\" allowfullscreen><\/iframe>\n<\/div><\/figure>\n\n\n\n<p>Printanista permite:<\/p>\n\n\n\n<ul>\n<li>Ver el estado de cada dispositivo en tiempo real<\/li>\n\n\n\n<li>Crear alertas para mantenimiento predictivo<\/li>\n\n\n\n<li>Generar informes personalizados por cliente o industria<\/li>\n\n\n\n<li>Automatizar la gesti\u00f3n de consumibles<\/li>\n\n\n\n<li>Adaptar el modelo de servicio seg\u00fan el sector<\/li>\n<\/ul>\n\n\n\n<p>Adem\u00e1s, Printanista es 100% escalable, lo que te permite ajustarlo seg\u00fan las necesidades del sector vertical al que quieras atender, con el agregado de que no requiere de una inversi\u00f3n inicial, lo que lo vuelve totalmente rentable a\u00fan para peque\u00f1as empresas.<\/p>\n\n\n\n<p>\u00bfEst\u00e1s listo para llevar tu servicio a sectores m\u00e1s rentables y con mayores oportunidades de fidelizaci\u00f3n? <a href=\"https:\/\/www.facebook.com\/printauditla\" target=\"_blank\" rel=\"noreferrer noopener\">Contact\u00e1 a Print Audit Latin America<\/a> y solicita una DEMO hoy mismo.<\/p>\n","protected":false},"excerpt":{"rendered":"<p>\u00bfSabes qu\u00e9 son los mercados verticales? Cuando hablamos de soluciones de impresi\u00f3n administrada, uno de los conceptos m\u00e1s importantes para entender c\u00f3mo se especializan y expanden las empresas del sector, es el de mercados verticales.<\/p>\n","protected":false},"author":5,"featured_media":3331,"comment_status":"open","ping_status":"open","sticky":false,"template":"","format":"standard","meta":{"inline_featured_image":false,"footnotes":""},"categories":[178],"tags":[16,34,26,25,11,10,38,13,42,31],"yoast_head":"<!-- This site is optimized with the Yoast SEO plugin v22.5 - https:\/\/yoast.com\/wordpress\/plugins\/seo\/ -->\r\n<title>\u00bfQu\u00e9 son los mercados verticales en la impresi\u00f3n administrada?<\/title>\r\n<meta name=\"description\" content=\"\u00bfSabes qu\u00e9 son los mercados verticales? Cuando hablamos de soluciones de impresi\u00f3n administrada, uno de los conceptos m\u00e1s importantes para...\" \/>\r\n<meta name=\"robots\" content=\"index, follow, max-snippet:-1, max-image-preview:large, max-video-preview:-1\" \/>\r\n<link rel=\"canonical\" href=\"https:\/\/www.santisoluciones.com\/blog\/que-son-los-mercados-verticales-y-su-relevancia-con-la-impresion-administrada\/\" \/>\r\n<meta property=\"og:locale\" content=\"es_ES\" \/>\r\n<meta property=\"og:type\" content=\"article\" \/>\r\n<meta property=\"og:title\" content=\"\u00bfQu\u00e9 son los mercados verticales en la impresi\u00f3n administrada?\" \/>\r\n<meta property=\"og:description\" content=\"\u00bfSabes qu\u00e9 son los mercados verticales? Cuando hablamos de soluciones de impresi\u00f3n administrada, uno de los conceptos m\u00e1s importantes para...\" \/>\r\n<meta property=\"og:url\" content=\"https:\/\/www.santisoluciones.com\/blog\/que-son-los-mercados-verticales-y-su-relevancia-con-la-impresion-administrada\/\" \/>\r\n<meta property=\"og:site_name\" content=\"SANTI Soluciones | Blog\" \/>\r\n<meta property=\"article:published_time\" content=\"2025-07-24T16:39:45+00:00\" \/>\r\n<meta property=\"article:modified_time\" content=\"2026-04-15T14:57:27+00:00\" \/>\r\n<meta property=\"og:image\" content=\"https:\/\/www.santisoluciones.com\/blog\/wp-content\/uploads\/2025\/07\/Mercados-verticales-Santi-Blog.jpg\" \/>\r\n\t<meta property=\"og:image:width\" content=\"1157\" \/>\r\n\t<meta property=\"og:image:height\" content=\"768\" \/>\r\n\t<meta property=\"og:image:type\" content=\"image\/jpeg\" \/>\r\n<meta name=\"twitter:card\" content=\"summary_large_image\" \/>\r\n<meta name=\"twitter:label1\" content=\"Escrito por\" \/>\n\t<meta name=\"twitter:data1\" content=\"\" \/>\n\t<meta name=\"twitter:label2\" content=\"Tiempo de lectura\" \/>\n\t<meta name=\"twitter:data2\" content=\"3 minutos\" \/>\r\n<script type=\"application\/ld+json\" class=\"yoast-schema-graph\">{\"@context\":\"https:\/\/schema.org\",\"@graph\":[{\"@type\":\"Article\",\"@id\":\"https:\/\/www.santisoluciones.com\/blog\/que-son-los-mercados-verticales-y-su-relevancia-con-la-impresion-administrada\/#article\",\"isPartOf\":{\"@id\":\"https:\/\/www.santisoluciones.com\/blog\/que-son-los-mercados-verticales-y-su-relevancia-con-la-impresion-administrada\/\"},\"author\":{\"name\":\"\",\"@id\":\"\"},\"headline\":\"\u00bfQu\u00e9 son los mercados verticales en la impresi\u00f3n administrada?\",\"datePublished\":\"2025-07-24T16:39:45+00:00\",\"dateModified\":\"2026-04-15T14:57:27+00:00\",\"mainEntityOfPage\":{\"@id\":\"https:\/\/www.santisoluciones.com\/blog\/que-son-los-mercados-verticales-y-su-relevancia-con-la-impresion-administrada\/\"},\"wordCount\":549,\"commentCount\":0,\"publisher\":{\"@id\":\"https:\/\/www.santisoluciones.com\/blog\/#organization\"},\"image\":{\"@id\":\"https:\/\/www.santisoluciones.com\/blog\/que-son-los-mercados-verticales-y-su-relevancia-con-la-impresion-administrada\/#primaryimage\"},\"thumbnailUrl\":\"https:\/\/www.santisoluciones.com\/blog\/wp-content\/uploads\/2025\/07\/Mercados-verticales-Santi-Blog.jpg\",\"keywords\":[\"ERP\",\"erp para renta de impresoras\",\"ERP para Servicios Administrados de Impresi\u00f3n\",\"Managed Print Services\",\"MPS\",\"Servicios Administrados de Impresi\u00f3n\",\"software administrativo para renta de impresoras\",\"Software para MPS\",\"software para renta de impresoras\",\"Software para SAI\"],\"articleSection\":[\"MPS\"],\"inLanguage\":\"es\",\"potentialAction\":[{\"@type\":\"CommentAction\",\"name\":\"Comment\",\"target\":[\"https:\/\/www.santisoluciones.com\/blog\/que-son-los-mercados-verticales-y-su-relevancia-con-la-impresion-administrada\/#respond\"]}]},{\"@type\":\"WebPage\",\"@id\":\"https:\/\/www.santisoluciones.com\/blog\/que-son-los-mercados-verticales-y-su-relevancia-con-la-impresion-administrada\/\",\"url\":\"https:\/\/www.santisoluciones.com\/blog\/que-son-los-mercados-verticales-y-su-relevancia-con-la-impresion-administrada\/\",\"name\":\"\u00bfQu\u00e9 son los mercados verticales en la impresi\u00f3n administrada?\",\"isPartOf\":{\"@id\":\"https:\/\/www.santisoluciones.com\/blog\/#website\"},\"primaryImageOfPage\":{\"@id\":\"https:\/\/www.santisoluciones.com\/blog\/que-son-los-mercados-verticales-y-su-relevancia-con-la-impresion-administrada\/#primaryimage\"},\"image\":{\"@id\":\"https:\/\/www.santisoluciones.com\/blog\/que-son-los-mercados-verticales-y-su-relevancia-con-la-impresion-administrada\/#primaryimage\"},\"thumbnailUrl\":\"https:\/\/www.santisoluciones.com\/blog\/wp-content\/uploads\/2025\/07\/Mercados-verticales-Santi-Blog.jpg\",\"datePublished\":\"2025-07-24T16:39:45+00:00\",\"dateModified\":\"2026-04-15T14:57:27+00:00\",\"description\":\"\u00bfSabes qu\u00e9 son los mercados verticales? Cuando hablamos de soluciones de impresi\u00f3n administrada, uno de los conceptos m\u00e1s importantes para...\",\"breadcrumb\":{\"@id\":\"https:\/\/www.santisoluciones.com\/blog\/que-son-los-mercados-verticales-y-su-relevancia-con-la-impresion-administrada\/#breadcrumb\"},\"inLanguage\":\"es\",\"potentialAction\":[{\"@type\":\"ReadAction\",\"target\":[\"https:\/\/www.santisoluciones.com\/blog\/que-son-los-mercados-verticales-y-su-relevancia-con-la-impresion-administrada\/\"]}]},{\"@type\":\"ImageObject\",\"inLanguage\":\"es\",\"@id\":\"https:\/\/www.santisoluciones.com\/blog\/que-son-los-mercados-verticales-y-su-relevancia-con-la-impresion-administrada\/#primaryimage\",\"url\":\"https:\/\/www.santisoluciones.com\/blog\/wp-content\/uploads\/2025\/07\/Mercados-verticales-Santi-Blog.jpg\",\"contentUrl\":\"https:\/\/www.santisoluciones.com\/blog\/wp-content\/uploads\/2025\/07\/Mercados-verticales-Santi-Blog.jpg\",\"width\":1157,\"height\":768,\"caption\":\"Mercados Verticales\"},{\"@type\":\"BreadcrumbList\",\"@id\":\"https:\/\/www.santisoluciones.com\/blog\/que-son-los-mercados-verticales-y-su-relevancia-con-la-impresion-administrada\/#breadcrumb\",\"itemListElement\":[{\"@type\":\"ListItem\",\"position\":1,\"name\":\"Portada\",\"item\":\"https:\/\/www.santisoluciones.com\/blog\/\"},{\"@type\":\"ListItem\",\"position\":2,\"name\":\"\u00bfQu\u00e9 son los mercados verticales en la impresi\u00f3n administrada?\"}]},{\"@type\":\"WebSite\",\"@id\":\"https:\/\/www.santisoluciones.com\/blog\/#website\",\"url\":\"https:\/\/www.santisoluciones.com\/blog\/\",\"name\":\"SANTI Soluciones | Blog\",\"description\":\"Blog para empresas de renta y venta de impresoras\",\"publisher\":{\"@id\":\"https:\/\/www.santisoluciones.com\/blog\/#organization\"},\"potentialAction\":[{\"@type\":\"SearchAction\",\"target\":{\"@type\":\"EntryPoint\",\"urlTemplate\":\"https:\/\/www.santisoluciones.com\/blog\/?s={search_term_string}\"},\"query-input\":\"required name=search_term_string\"}],\"inLanguage\":\"es\"},{\"@type\":\"Organization\",\"@id\":\"https:\/\/www.santisoluciones.com\/blog\/#organization\",\"name\":\"SANTI Soluciones | Blog\",\"url\":\"https:\/\/www.santisoluciones.com\/blog\/\",\"logo\":{\"@type\":\"ImageObject\",\"inLanguage\":\"es\",\"@id\":\"https:\/\/www.santisoluciones.com\/blog\/#\/schema\/logo\/image\/\",\"url\":\"https:\/\/www.santisoluciones.com\/blog\/wp-content\/uploads\/2022\/08\/LOGO-SANTI-ANIVERSARIO.svg\",\"contentUrl\":\"https:\/\/www.santisoluciones.com\/blog\/wp-content\/uploads\/2022\/08\/LOGO-SANTI-ANIVERSARIO.svg\",\"caption\":\"SANTI Soluciones | Blog\"},\"image\":{\"@id\":\"https:\/\/www.santisoluciones.com\/blog\/#\/schema\/logo\/image\/\"}},{\"@type\":\"Person\",\"@id\":\"\",\"url\":\"https:\/\/www.santisoluciones.com\/blog\/author\/\"}]}<\/script>\r\n<!-- \/ Yoast SEO plugin. -->","yoast_head_json":{"title":"\u00bfQu\u00e9 son los mercados verticales en la impresi\u00f3n administrada?","description":"\u00bfSabes qu\u00e9 son los mercados verticales? Cuando hablamos de soluciones de impresi\u00f3n administrada, uno de los conceptos m\u00e1s importantes para...","robots":{"index":"index","follow":"follow","max-snippet":"max-snippet:-1","max-image-preview":"max-image-preview:large","max-video-preview":"max-video-preview:-1"},"canonical":"https:\/\/www.santisoluciones.com\/blog\/que-son-los-mercados-verticales-y-su-relevancia-con-la-impresion-administrada\/","og_locale":"es_ES","og_type":"article","og_title":"\u00bfQu\u00e9 son los mercados verticales en la impresi\u00f3n administrada?","og_description":"\u00bfSabes qu\u00e9 son los mercados verticales? Cuando hablamos de soluciones de impresi\u00f3n administrada, uno de los conceptos m\u00e1s importantes para...","og_url":"https:\/\/www.santisoluciones.com\/blog\/que-son-los-mercados-verticales-y-su-relevancia-con-la-impresion-administrada\/","og_site_name":"SANTI Soluciones | Blog","article_published_time":"2025-07-24T16:39:45+00:00","article_modified_time":"2026-04-15T14:57:27+00:00","og_image":[{"width":1157,"height":768,"url":"https:\/\/www.santisoluciones.com\/blog\/wp-content\/uploads\/2025\/07\/Mercados-verticales-Santi-Blog.jpg","type":"image\/jpeg"}],"twitter_card":"summary_large_image","twitter_misc":{"Escrito por":"","Tiempo de lectura":"3 minutos"},"schema":{"@context":"https:\/\/schema.org","@graph":[{"@type":"Article","@id":"https:\/\/www.santisoluciones.com\/blog\/que-son-los-mercados-verticales-y-su-relevancia-con-la-impresion-administrada\/#article","isPartOf":{"@id":"https:\/\/www.santisoluciones.com\/blog\/que-son-los-mercados-verticales-y-su-relevancia-con-la-impresion-administrada\/"},"author":{"name":"","@id":""},"headline":"\u00bfQu\u00e9 son los mercados verticales en la impresi\u00f3n administrada?","datePublished":"2025-07-24T16:39:45+00:00","dateModified":"2026-04-15T14:57:27+00:00","mainEntityOfPage":{"@id":"https:\/\/www.santisoluciones.com\/blog\/que-son-los-mercados-verticales-y-su-relevancia-con-la-impresion-administrada\/"},"wordCount":549,"commentCount":0,"publisher":{"@id":"https:\/\/www.santisoluciones.com\/blog\/#organization"},"image":{"@id":"https:\/\/www.santisoluciones.com\/blog\/que-son-los-mercados-verticales-y-su-relevancia-con-la-impresion-administrada\/#primaryimage"},"thumbnailUrl":"https:\/\/www.santisoluciones.com\/blog\/wp-content\/uploads\/2025\/07\/Mercados-verticales-Santi-Blog.jpg","keywords":["ERP","erp para renta de impresoras","ERP para Servicios Administrados de Impresi\u00f3n","Managed Print Services","MPS","Servicios Administrados de Impresi\u00f3n","software administrativo para renta de impresoras","Software para MPS","software para renta de impresoras","Software para SAI"],"articleSection":["MPS"],"inLanguage":"es","potentialAction":[{"@type":"CommentAction","name":"Comment","target":["https:\/\/www.santisoluciones.com\/blog\/que-son-los-mercados-verticales-y-su-relevancia-con-la-impresion-administrada\/#respond"]}]},{"@type":"WebPage","@id":"https:\/\/www.santisoluciones.com\/blog\/que-son-los-mercados-verticales-y-su-relevancia-con-la-impresion-administrada\/","url":"https:\/\/www.santisoluciones.com\/blog\/que-son-los-mercados-verticales-y-su-relevancia-con-la-impresion-administrada\/","name":"\u00bfQu\u00e9 son los mercados verticales en la impresi\u00f3n administrada?","isPartOf":{"@id":"https:\/\/www.santisoluciones.com\/blog\/#website"},"primaryImageOfPage":{"@id":"https:\/\/www.santisoluciones.com\/blog\/que-son-los-mercados-verticales-y-su-relevancia-con-la-impresion-administrada\/#primaryimage"},"image":{"@id":"https:\/\/www.santisoluciones.com\/blog\/que-son-los-mercados-verticales-y-su-relevancia-con-la-impresion-administrada\/#primaryimage"},"thumbnailUrl":"https:\/\/www.santisoluciones.com\/blog\/wp-content\/uploads\/2025\/07\/Mercados-verticales-Santi-Blog.jpg","datePublished":"2025-07-24T16:39:45+00:00","dateModified":"2026-04-15T14:57:27+00:00","description":"\u00bfSabes qu\u00e9 son los mercados verticales? Cuando hablamos de soluciones de impresi\u00f3n administrada, uno de los conceptos m\u00e1s importantes para...","breadcrumb":{"@id":"https:\/\/www.santisoluciones.com\/blog\/que-son-los-mercados-verticales-y-su-relevancia-con-la-impresion-administrada\/#breadcrumb"},"inLanguage":"es","potentialAction":[{"@type":"ReadAction","target":["https:\/\/www.santisoluciones.com\/blog\/que-son-los-mercados-verticales-y-su-relevancia-con-la-impresion-administrada\/"]}]},{"@type":"ImageObject","inLanguage":"es","@id":"https:\/\/www.santisoluciones.com\/blog\/que-son-los-mercados-verticales-y-su-relevancia-con-la-impresion-administrada\/#primaryimage","url":"https:\/\/www.santisoluciones.com\/blog\/wp-content\/uploads\/2025\/07\/Mercados-verticales-Santi-Blog.jpg","contentUrl":"https:\/\/www.santisoluciones.com\/blog\/wp-content\/uploads\/2025\/07\/Mercados-verticales-Santi-Blog.jpg","width":1157,"height":768,"caption":"Mercados Verticales"},{"@type":"BreadcrumbList","@id":"https:\/\/www.santisoluciones.com\/blog\/que-son-los-mercados-verticales-y-su-relevancia-con-la-impresion-administrada\/#breadcrumb","itemListElement":[{"@type":"ListItem","position":1,"name":"Portada","item":"https:\/\/www.santisoluciones.com\/blog\/"},{"@type":"ListItem","position":2,"name":"\u00bfQu\u00e9 son los mercados verticales en la impresi\u00f3n administrada?"}]},{"@type":"WebSite","@id":"https:\/\/www.santisoluciones.com\/blog\/#website","url":"https:\/\/www.santisoluciones.com\/blog\/","name":"SANTI Soluciones | Blog","description":"Blog para empresas de renta y venta de impresoras","publisher":{"@id":"https:\/\/www.santisoluciones.com\/blog\/#organization"},"potentialAction":[{"@type":"SearchAction","target":{"@type":"EntryPoint","urlTemplate":"https:\/\/www.santisoluciones.com\/blog\/?s={search_term_string}"},"query-input":"required name=search_term_string"}],"inLanguage":"es"},{"@type":"Organization","@id":"https:\/\/www.santisoluciones.com\/blog\/#organization","name":"SANTI Soluciones | Blog","url":"https:\/\/www.santisoluciones.com\/blog\/","logo":{"@type":"ImageObject","inLanguage":"es","@id":"https:\/\/www.santisoluciones.com\/blog\/#\/schema\/logo\/image\/","url":"https:\/\/www.santisoluciones.com\/blog\/wp-content\/uploads\/2022\/08\/LOGO-SANTI-ANIVERSARIO.svg","contentUrl":"https:\/\/www.santisoluciones.com\/blog\/wp-content\/uploads\/2022\/08\/LOGO-SANTI-ANIVERSARIO.svg","caption":"SANTI Soluciones | Blog"},"image":{"@id":"https:\/\/www.santisoluciones.com\/blog\/#\/schema\/logo\/image\/"}},{"@type":"Person","@id":"","url":"https:\/\/www.santisoluciones.com\/blog\/author\/"}]}},"_links":{"self":[{"href":"https:\/\/www.santisoluciones.com\/blog\/wp-json\/wp\/v2\/posts\/3330"}],"collection":[{"href":"https:\/\/www.santisoluciones.com\/blog\/wp-json\/wp\/v2\/posts"}],"about":[{"href":"https:\/\/www.santisoluciones.com\/blog\/wp-json\/wp\/v2\/types\/post"}],"author":[{"embeddable":true,"href":"https:\/\/www.santisoluciones.com\/blog\/wp-json\/wp\/v2\/users\/5"}],"replies":[{"embeddable":true,"href":"https:\/\/www.santisoluciones.com\/blog\/wp-json\/wp\/v2\/comments?post=3330"}],"version-history":[{"count":3,"href":"https:\/\/www.santisoluciones.com\/blog\/wp-json\/wp\/v2\/posts\/3330\/revisions"}],"predecessor-version":[{"id":3814,"href":"https:\/\/www.santisoluciones.com\/blog\/wp-json\/wp\/v2\/posts\/3330\/revisions\/3814"}],"wp:featuredmedia":[{"embeddable":true,"href":"https:\/\/www.santisoluciones.com\/blog\/wp-json\/wp\/v2\/media\/3331"}],"wp:attachment":[{"href":"https:\/\/www.santisoluciones.com\/blog\/wp-json\/wp\/v2\/media?parent=3330"}],"wp:term":[{"taxonomy":"category","embeddable":true,"href":"https:\/\/www.santisoluciones.com\/blog\/wp-json\/wp\/v2\/categories?post=3330"},{"taxonomy":"post_tag","embeddable":true,"href":"https:\/\/www.santisoluciones.com\/blog\/wp-json\/wp\/v2\/tags?post=3330"}],"curies":[{"name":"wp","href":"https:\/\/api.w.org\/{rel}","templated":true}]}}